{"id":2320,"date":"2024-09-24T15:06:56","date_gmt":"2024-09-24T13:06:56","guid":{"rendered":"https:\/\/www.campinglacolina.com\/2024\/09\/24\/lista-over-veckovisa-marknader\/"},"modified":"2024-11-04T12:57:15","modified_gmt":"2024-11-04T11:57:15","slug":"lista-over-veckovisa-marknader","status":"publish","type":"post","link":"https:\/\/www.campinglacolina.com\/sv\/2024\/09\/24\/lista-over-veckovisa-marknader\/","title":{"rendered":"Lista \u00f6ver veckovisa marknader"},"content":{"rendered":"\n<div class=\"wp-block-cover alignfull\" style=\"margin-top:0;margin-bottom:0;min-height:100vh;aspect-ratio:unset;\"><span aria-hidden=\"true\" class=\"wp-block-cover__background has-background-dim-30 has-background-dim\"><\/span><img loading=\"lazy\" decoding=\"async\" width=\"1440\" height=\"962\" class=\"wp-block-cover__image-background wp-image-1956\" alt=\"\" src=\"https:\/\/www.campinglacolina.com\/wp-content\/uploads\/thumbnail-dsc07055.jpg\" data-object-fit=\"cover\" srcset=\"https:\/\/www.campinglacolina.com\/wp-content\/uploads\/\/thumbnail-dsc07055.jpg 1440w, https:\/\/www.campinglacolina.com\/wp-content\/uploads\/\/thumbnail-dsc07055-1024x684.jpg 1024w, https:\/\/www.campinglacolina.com\/wp-content\/uploads\/\/thumbnail-dsc07055-768x513.jpg 768w, https:\/\/www.campinglacolina.com\/wp-content\/uploads\/\/thumbnail-dsc07055-512x342.jpg 512w, https:\/\/www.campinglacolina.com\/wp-content\/uploads\/\/thumbnail-dsc07055-256x171.jpg 256w\" sizes=\"auto, (max-width: 1440px) 100vw, 1440px\" \/><div class=\"wp-block-cover__inner-container is-layout-constrained wp-block-cover-is-layout-constrained\">\n<h1 class=\"wp-block-heading alignwide has-text-align-left animation--init--once slide-up\"><sup>Nyheter<\/sup><br\/>Lista \u00f6ver veckomarknader<\/h1>\n<\/div><\/div>\n\n<div class=\"wp-block-group motor-reservas interior animation--init--once fade-in delay-5 is-layout-constrained wp-block-group-is-layout-constrained\"><p>[moteur_thelis]<\/p>\n<\/div>\n\n<div class=\"wp-block-group alignwide intro section-z-index padding-responsive is-layout-constrained wp-block-group-is-layout-constrained\" style=\"margin-top:0;margin-bottom:0;padding-top:var(--wp--preset--spacing--80);padding-bottom:var(--wp--preset--spacing--80)\">\n<h2 class=\"wp-block-heading has-text-align-center animation--init--once slide-up has-theme-blue-color has-text-color has-link-color wp-elements-d4ae01c3476a37b1db1a0ccc92557a6c\"><sup><mark style=\"background-color:rgba(0, 0, 0, 0)\" class=\"has-inline-color has-theme-blue-light-color\">Nyheter<\/mark><\/sup><br\/>Lista \u00f6ver veckomarknader<\/h2>\n\n\n\n<p class=\"has-text-align-left animation--init--once slide-up\"> H\u00e4r \u00e4r en lista \u00f6ver veckomarknaderna i La Marina Baja-regionen, i provinsen Alicante:<\/p>\n\n\n\n<h3 class=\"wp-block-heading\"><strong>M\u00e5ndag:<\/strong><\/h3>\n\n\n\n<ul class=\"wp-block-list\">\n<li><strong>Callosa d&#8217;en Sarri\u00e0<\/strong> \u2013 Lokal marknad med f\u00e4rska produkter, frukt, gr\u00f6nsaker och olika f\u00f6rem\u00e5l.<\/li>\n<\/ul>\n\n\n\n<h3 class=\"wp-block-heading\"><strong>Tisdag:<\/strong><\/h3>\n\n\n\n<ul class=\"wp-block-list\">\n<li><strong>Altea <\/strong>(Centro) \u2013 En traditionell marknad d\u00e4r du hittar f\u00e4rska produkter, textilier, hantverk och mer.<\/li>\n\n\n\n<li><strong>Benidorm <\/strong>(Avenida L&#8217;Aig\u00fcera) \u2013 Popul\u00e4r marknad med kl\u00e4der, skor, mat och begagnade produkter.<\/li>\n<\/ul>\n\n\n\n<h3 class=\"wp-block-heading\"><strong>Onsdag:<\/strong><\/h3>\n\n\n\n<ul class=\"wp-block-list\">\n<li><strong>La Nuc\u00eda<\/strong> \u2013 Marknad med lokala produkter, frukt, gr\u00f6nsaker och andra olika f\u00f6rem\u00e5l.<\/li>\n\n\n\n<li><strong>Polop<\/strong> \u2013 F\u00e4rsk mat och lokala produkter marknad.<\/li>\n\n\n\n<li><strong>Benidorm<\/strong> (Rinc\u00f3n de Loix) \u2013 En annan av de stora marknaderna i Benidorm, mycket popul\u00e4r, med alla typer av produkter.<\/li>\n<\/ul>\n\n\n\n<h3 class=\"wp-block-heading\"><strong>Torsdag:<\/strong><\/h3>\n\n\n\n<ul class=\"wp-block-list\">\n<li><strong>Villajoyosa<\/strong> \u2013 Stor marknad, k\u00e4nd f\u00f6r sitt utbud av frukt, gr\u00f6nsaker, kl\u00e4der och hush\u00e5llsprodukter.<\/li>\n\n\n\n<li><strong>Alfaz del Pi<\/strong> \u2013 Marknad med en blandning av f\u00e4rsk mat, kl\u00e4der och hantverksprodukter.<\/li>\n<\/ul>\n\n\n\n<h3 class=\"wp-block-heading\"><strong>Fredag:<\/strong><\/h3>\n\n\n\n<ul class=\"wp-block-list\">\n<li><strong>Finestrat<\/strong> \u2013 Traditionell marknad med frukt, gr\u00f6nsaker och lokala produkter.<\/li>\n<\/ul>\n\n\n\n<h3 class=\"wp-block-heading\"><strong>L\u00f6rdag:<\/strong><\/h3>\n\n\n\n<ul class=\"wp-block-list\">\n<li><strong>Altea<\/strong> \u2013 Veckomarknad d\u00e4r du kan hitta ett brett utbud av produkter, fr\u00e5n f\u00e4rskvaror till modeartiklar.<\/li>\n\n\n\n<li><strong>La Vila Joiosa<\/strong> \u2013 Marknad med f\u00e4rskvaror, mat och f\u00f6rem\u00e5l av alla slag.<\/li>\n<\/ul>\n\n\n\n<h3 class=\"wp-block-heading\"><strong>S\u00f6ndag:<\/strong><\/h3>\n\n\n\n<ul class=\"wp-block-list\">\n<li><strong>Benidorm<\/strong> (Foietes) \u2013 En av de st\u00f6rsta i regionen, med ett brett utbud av produkter fr\u00e5n kl\u00e4der till mat.<\/li>\n\n\n\n<li><strong>Alfaz del Pi <\/strong>(El Albir) \u2013 Marknad med ett brett utbud av frukt, gr\u00f6nsaker, hantverk och kl\u00e4der.<\/li>\n<\/ul>\n\n\n\n<p>Dessa marknader \u00e4r ett utm\u00e4rkt alternativ f\u00f6r att njuta av f\u00e4rska produkter, lokalt hantverk och en unik upplevelse i Marina Baja.<\/p>\n\n\n\n<p>Vill du veta mer om en viss marknad eller dess \u00f6ppettider?<\/p>\n<\/div>\n\n<div class=\"wp-block-group alignfull has-theme-grey-light-background-color has-background is-layout-constrained wp-block-group-is-layout-constrained\" style=\"margin-top:0;margin-bottom:0;padding-top:var(--wp--preset--spacing--80);padding-bottom:var(--wp--preset--spacing--80)\">\n<div class=\"wp-image-slider galeria-3-news alignwide has-text-align-left aspect-ratio-3_2\">\n\n                                        \n                    <script>\n                        'use strict';\n\n                        document.addEventListener('DOMContentLoaded', function () {\n\n                            (function() {\n                                const blockSlide = new Splide( '#slide_744', {\n                                    type : 'loop',\n                                    perPage: 3,\n                                                                        \n                                    breakpoints: {\n                                        800: {\n                                            perPage: 1,\n                                                                                    },\n                                        450: {\n                                            perPage: 1,\n                                            \n                                        },\n                                    },\n                                    pagination: false,\n                                    arrows: true,\n                                    gap: 'var(--wp--style--block-gap)',\n                                    i18n: {\n                                        slideLabel: '%s\/%s',\n                                    }\n                                } );\n                                \n\n                                \n                                blockSlide.mount();\n\n                                                                \n                                \n                            })();\n                        })\n                    <\/script>\n\n                    <div class=\"slider-container\"><div class=\"splide galeria-slider galeria-columnas-3\" id=\"slide_744\"><div class=\"splide__track\"><div class=\"splide__list\"><a href=\"https:\/\/www.campinglacolina.com\/wp-content\/uploads\/mercadillos-new.jpg\" id=\"thumb-2322\" class=\"splide__slide image-link\" data-gallery=\"slide_744\"  alt=\" \" class=\"image-link\"><div class=\"image-wrapper\"><img loading=\"lazy\" decoding=\"async\" width=\"1024\" height=\"768\" src=\"https:\/\/www.campinglacolina.com\/wp-content\/uploads\/mercadillos-new.jpg\" class=\"attachment-gallery-large size-gallery-large\" alt=\"\" srcset=\"https:\/\/www.campinglacolina.com\/wp-content\/uploads\/\/mercadillos-new.jpg 1024w, https:\/\/www.campinglacolina.com\/wp-content\/uploads\/\/mercadillos-new-768x576.jpg 768w, https:\/\/www.campinglacolina.com\/wp-content\/uploads\/\/mercadillos-new-512x384.jpg 512w, https:\/\/www.campinglacolina.com\/wp-content\/uploads\/\/mercadillos-new-256x192.jpg 256w\" sizes=\"auto, (max-width: 1024px) 100vw, 1024px\" \/><\/div><\/a><\/div><\/div><\/div><\/div>\n                    \n<\/div><\/div>\n\n<div class=\"wp-block-group alignfull is-layout-constrained wp-block-group-is-layout-constrained\" style=\"margin-top:0;margin-bottom:0;padding-top:var(--wp--preset--spacing--80);padding-bottom:var(--wp--preset--spacing--80)\">\n<h2 class=\"wp-block-heading has-text-align-center has-theme-blue-color has-text-color has-link-color wp-elements-b3737ae2177b6c5e2da84f75a185d038\" style=\"margin-bottom:var(--wp--preset--spacing--80)\"><sup><mark style=\"background-color:rgba(0, 0, 0, 0)\" class=\"has-inline-color has-theme-blue-light-color\">LAS NOVEDADES DEL CAMPING<\/mark><\/sup><br>Otras&nbsp;<mark style=\"background-color:rgba(0, 0, 0, 0)\" class=\"has-inline-color has-theme-blue-light-color\">NOTICIAS<\/mark><\/h2>\n\n\n\n<div class=\"wp-block-group otras-noticias is-layout-flow wp-block-group-is-layout-flow\"><script>var object = [];<\/script>\n    <div \n                class=\"wp-block-last-posts-splide alignwide\" \n            >\n        <div id=\"\" class=\"wp-block-last-posts-splide alignwide\" style=\"\">\n                        <div class=\"slider-container slider-last-posts-splide\">\n                    <div class=\"splide galeria-last-posts-splide-block_slide_2313\">\n                        <div class=\"splide__track\">\n                            <div class=\"splide__list wp-block-latest-posts__list\">\n                                                                    <div class=\"splide__slide\">\n                                    <a href=\"https:\/\/www.campinglacolina.com\/sv\/2024\/09\/25\/start-av-utvidgningsarbeten\/\">\n                                        <div class=\"wp-block-latest-posts__featured-image\">\n                                           \n                                                <img decoding=\"async\" src=\"https:\/\/www.campinglacolina.com\/wp-content\/uploads\/noticia-1.jpg\" \/>\n                                \n                                        <\/div>\n                                        <div class=\"wp-block-latest-posts__post-date\">\n                                        25 september 2024 \/<div class=\"wp-block-latest-posts__post-category\">\n                                            Nyheter                                            <\/div>\n                                        <\/div>\n                                        <div class=\"wp-block-latest-posts__post-title\" href=\"https:\/\/www.campinglacolina.com\/sv\/2024\/09\/25\/start-av-utvidgningsarbeten\/\">\n                                            <h3>Start av utvidgningsarbeten<\/h3>\n                                        <\/div>\n                                        <div class=\"wp-block-latest-posts__post-excerpt\">\n                                            Goda nyheter f\u00f6r alla camping\u00e4lskare! Vi \u00e4r glada att kunna informera er om att vi har p\u00e5b\u00f6rjat utvidgningsarbetet av Camping La Colin&#8230;                                         <\/div>\n                                        <div class=\"wp-block-latest-posts__post-button\">\n                                           <span> Leer m\u00e1s<\/span>\n                                        <\/div>\n                            \n                                    <\/a>\n                                    <\/div><!-- .splide__slide -->\n                                                                        <div class=\"splide__slide\">\n                                    <a href=\"https:\/\/www.campinglacolina.com\/sv\/2024\/09\/25\/moriska-och-kristna-festligheter-i-benidorm\/\">\n                                        <div class=\"wp-block-latest-posts__featured-image\">\n                                           \n                                                <img decoding=\"async\" src=\"https:\/\/www.campinglacolina.com\/wp-content\/uploads\/noticia-2.jpg\" \/>\n                                \n                                        <\/div>\n                                        <div class=\"wp-block-latest-posts__post-date\">\n                                        25 september 2024 \/<div class=\"wp-block-latest-posts__post-category\">\n                                            Nyheter                                            <\/div>\n                                        <\/div>\n                                        <div class=\"wp-block-latest-posts__post-title\" href=\"https:\/\/www.campinglacolina.com\/sv\/2024\/09\/25\/moriska-och-kristna-festligheter-i-benidorm\/\">\n                                            <h3>Moriska och kristna festligheter i Benidorm<\/h3>\n                                        <\/div>\n                                        <div class=\"wp-block-latest-posts__post-excerpt\">\n                                            Fr\u00e5n 3 till 6 oktober kommer Benidorm att fyllas med f\u00e4rg, musik och tradition med firandet av sina Moors and Christians Festivities&#8230;.                                        <\/div>\n                                        <div class=\"wp-block-latest-posts__post-button\">\n                                           <span> Leer m\u00e1s<\/span>\n                                        <\/div>\n                            \n                                    <\/a>\n                                    <\/div><!-- .splide__slide -->\n                                                                <\/div><!-- .splide__list -->\n                        <\/div><!-- .splide__track -->\n                    <\/div><!-- .splide.galeria-last-posts-splide-block_slide_2313 -->\n                <\/div><!-- .slider-container.slider-last-posts-splide -->\n                <\/div>\n<\/div>\n    <script>\n        new Splide( '.galeria-last-posts-splide-block_slide_2313', \n            {\n                perMove: 1,\n                perPage: 2, \/\/ N\u00daMERO DE COLUMNAS\n                autoplay: false,\n                type: 'loop',\n                gap: '30px',\n                pagination: false,\n                arrows: true,\n                breakpoints: {\n                    1300: {\n                        perPage: 2,\n                    },\n                    950: {\n                        perPage: 1,\n                    },\n                }   \n            } \n            ).mount();\n    <\/script>\n\n<\/div>\n<\/div>\n","protected":false},"excerpt":{"rendered":"<p> H\u00e4r har du en lista \u00f6ver de veckovisa gatumarknaderna i regionen La Marina Baja, i provinsen Alicante&#8230;<\/p>\n","protected":false},"author":2,"featured_media":2322,"comment_status":"closed","ping_status":"closed","sticky":false,"template":"","format":"standard","meta":{"_acf_changed":false,"inline_featured_image":false,"footnotes":""},"categories":[31,17],"tags":[],"class_list":["post-2320","post","type-post","status-publish","format-standard","has-post-thumbnail","hentry","category-nyheter","category-okategoriserad"],"acf":[],"yoast_head":"<!-- This site is optimized with the Yoast SEO plugin v25.5 - https:\/\/yoast.com\/wordpress\/plugins\/seo\/ -->\n<title>Lista \u00f6ver veckovisa marknader - Camping La Colina p\u00e5 Costa Blanca, n\u00e4ra Albir<\/title>\n<meta name=\"description\" content=\"H\u00e4r har du en lista \u00f6ver de veckovisa gatumarknaderna i regionen La Marina Baja, i provinsen Alicante...\" \/>\n<meta name=\"robots\" content=\"index, follow, max-snippet:-1, max-image-preview:large, max-video-preview:-1\" \/>\n<link rel=\"canonical\" href=\"https:\/\/www.campinglacolina.com\/sv\/2024\/09\/24\/lista-over-veckovisa-marknader\/\" \/>\n<meta property=\"og:locale\" content=\"sv_SE\" \/>\n<meta property=\"og:type\" content=\"article\" \/>\n<meta property=\"og:title\" content=\"Lista \u00f6ver veckovisa marknader - Camping La Colina p\u00e5 Costa Blanca, n\u00e4ra Albir\" \/>\n<meta property=\"og:description\" content=\"H\u00e4r har du en lista \u00f6ver de veckovisa gatumarknaderna i regionen La Marina Baja, i provinsen Alicante...\" \/>\n<meta property=\"og:url\" content=\"https:\/\/www.campinglacolina.com\/sv\/2024\/09\/24\/lista-over-veckovisa-marknader\/\" \/>\n<meta property=\"og:site_name\" content=\"Camping La Colina p\u00e5 Costa Blanca, n\u00e4ra Albir\" \/>\n<meta property=\"article:published_time\" content=\"2024-09-24T13:06:56+00:00\" \/>\n<meta property=\"article:modified_time\" content=\"2024-11-04T11:57:15+00:00\" \/>\n<meta property=\"og:image\" content=\"https:\/\/www.campinglacolina.com\/wp-content\/uploads\/mercadillos-new.jpg\" \/>\n\t<meta property=\"og:image:width\" content=\"1024\" \/>\n\t<meta property=\"og:image:height\" content=\"768\" \/>\n\t<meta property=\"og:image:type\" content=\"image\/jpeg\" \/>\n<meta name=\"twitter:card\" content=\"summary_large_image\" \/>\n<meta name=\"twitter:label1\" content=\"Skriven av\" \/>\n\t<meta name=\"twitter:data1\" content=\"TUD\" \/>\n\t<meta name=\"twitter:label2\" content=\"Ber\u00e4knad l\u00e4stid\" \/>\n\t<meta name=\"twitter:data2\" content=\"1 minut\" \/>\n<script type=\"application\/ld+json\" class=\"yoast-schema-graph\">{\"@context\":\"https:\/\/schema.org\",\"@graph\":[{\"@type\":\"Article\",\"@id\":\"https:\/\/www.campinglacolina.com\/sv\/2024\/09\/24\/lista-over-veckovisa-marknader\/#article\",\"isPartOf\":{\"@id\":\"https:\/\/www.campinglacolina.com\/sv\/2024\/09\/24\/lista-over-veckovisa-marknader\/\"},\"author\":{\"name\":\"TUD\",\"@id\":\"https:\/\/www.campinglacolina.com\/sv\/#\/schema\/person\/38d0631c0395a7a9d8b1f6b5bfb04aad\"},\"headline\":\"Lista \u00f6ver veckovisa marknader\",\"datePublished\":\"2024-09-24T13:06:56+00:00\",\"dateModified\":\"2024-11-04T11:57:15+00:00\",\"mainEntityOfPage\":{\"@id\":\"https:\/\/www.campinglacolina.com\/sv\/2024\/09\/24\/lista-over-veckovisa-marknader\/\"},\"wordCount\":281,\"publisher\":{\"@id\":\"https:\/\/www.campinglacolina.com\/sv\/#organization\"},\"image\":{\"@id\":\"https:\/\/www.campinglacolina.com\/sv\/2024\/09\/24\/lista-over-veckovisa-marknader\/#primaryimage\"},\"thumbnailUrl\":\"https:\/\/www.campinglacolina.com\/wp-content\/uploads\/mercadillos-new.jpg\",\"articleSection\":[\"Nyheter\",\"Okategoriserad\"],\"inLanguage\":\"sv-SE\"},{\"@type\":\"WebPage\",\"@id\":\"https:\/\/www.campinglacolina.com\/sv\/2024\/09\/24\/lista-over-veckovisa-marknader\/\",\"url\":\"https:\/\/www.campinglacolina.com\/sv\/2024\/09\/24\/lista-over-veckovisa-marknader\/\",\"name\":\"Lista \u00f6ver veckovisa marknader - Camping La Colina p\u00e5 Costa Blanca, n\u00e4ra Albir\",\"isPartOf\":{\"@id\":\"https:\/\/www.campinglacolina.com\/sv\/#website\"},\"primaryImageOfPage\":{\"@id\":\"https:\/\/www.campinglacolina.com\/sv\/2024\/09\/24\/lista-over-veckovisa-marknader\/#primaryimage\"},\"image\":{\"@id\":\"https:\/\/www.campinglacolina.com\/sv\/2024\/09\/24\/lista-over-veckovisa-marknader\/#primaryimage\"},\"thumbnailUrl\":\"https:\/\/www.campinglacolina.com\/wp-content\/uploads\/mercadillos-new.jpg\",\"datePublished\":\"2024-09-24T13:06:56+00:00\",\"dateModified\":\"2024-11-04T11:57:15+00:00\",\"description\":\"H\u00e4r har du en lista \u00f6ver de veckovisa gatumarknaderna i regionen La Marina Baja, i provinsen Alicante...\",\"breadcrumb\":{\"@id\":\"https:\/\/www.campinglacolina.com\/sv\/2024\/09\/24\/lista-over-veckovisa-marknader\/#breadcrumb\"},\"inLanguage\":\"sv-SE\",\"potentialAction\":[{\"@type\":\"ReadAction\",\"target\":[\"https:\/\/www.campinglacolina.com\/sv\/2024\/09\/24\/lista-over-veckovisa-marknader\/\"]}]},{\"@type\":\"ImageObject\",\"inLanguage\":\"sv-SE\",\"@id\":\"https:\/\/www.campinglacolina.com\/sv\/2024\/09\/24\/lista-over-veckovisa-marknader\/#primaryimage\",\"url\":\"https:\/\/www.campinglacolina.com\/wp-content\/uploads\/mercadillos-new.jpg\",\"contentUrl\":\"https:\/\/www.campinglacolina.com\/wp-content\/uploads\/mercadillos-new.jpg\",\"width\":1024,\"height\":768},{\"@type\":\"BreadcrumbList\",\"@id\":\"https:\/\/www.campinglacolina.com\/sv\/2024\/09\/24\/lista-over-veckovisa-marknader\/#breadcrumb\",\"itemListElement\":[{\"@type\":\"ListItem\",\"position\":1,\"name\":\"Portada\",\"item\":\"https:\/\/www.campinglacolina.com\/sv\/\"},{\"@type\":\"ListItem\",\"position\":2,\"name\":\"Lista \u00f6ver veckovisa marknader\"}]},{\"@type\":\"WebSite\",\"@id\":\"https:\/\/www.campinglacolina.com\/sv\/#website\",\"url\":\"https:\/\/www.campinglacolina.com\/sv\/\",\"name\":\"Camping La Colina p\u00e5 Costa Blanca, n\u00e4ra Albir\",\"description\":\"Camping La Colina, n\u00e4ra stranden i Albir, kombinerar natur och komfort med rymliga campingomr\u00e5den och moderna faciliteter p\u00e5 Costa Blanca.\",\"publisher\":{\"@id\":\"https:\/\/www.campinglacolina.com\/sv\/#organization\"},\"potentialAction\":[{\"@type\":\"SearchAction\",\"target\":{\"@type\":\"EntryPoint\",\"urlTemplate\":\"https:\/\/www.campinglacolina.com\/sv\/?s={search_term_string}\"},\"query-input\":{\"@type\":\"PropertyValueSpecification\",\"valueRequired\":true,\"valueName\":\"search_term_string\"}}],\"inLanguage\":\"sv-SE\"},{\"@type\":\"Organization\",\"@id\":\"https:\/\/www.campinglacolina.com\/sv\/#organization\",\"name\":\"Camping La Colina p\u00e5 Costa Blanca, n\u00e4ra Albir\",\"url\":\"https:\/\/www.campinglacolina.com\/sv\/\",\"logo\":{\"@type\":\"ImageObject\",\"inLanguage\":\"sv-SE\",\"@id\":\"https:\/\/www.campinglacolina.com\/sv\/#\/schema\/logo\/image\/\",\"url\":\"https:\/\/www.campinglacolina.com\/wp-content\/uploads\/cropped-logo-lacolina.png\",\"contentUrl\":\"https:\/\/www.campinglacolina.com\/wp-content\/uploads\/cropped-logo-lacolina.png\",\"width\":206,\"height\":62,\"caption\":\"Camping La Colina p\u00e5 Costa Blanca, n\u00e4ra Albir\"},\"image\":{\"@id\":\"https:\/\/www.campinglacolina.com\/sv\/#\/schema\/logo\/image\/\"}},{\"@type\":\"Person\",\"@id\":\"https:\/\/www.campinglacolina.com\/sv\/#\/schema\/person\/38d0631c0395a7a9d8b1f6b5bfb04aad\",\"name\":\"TUD\",\"image\":{\"@type\":\"ImageObject\",\"inLanguage\":\"sv-SE\",\"@id\":\"https:\/\/www.campinglacolina.com\/sv\/#\/schema\/person\/image\/\",\"url\":\"https:\/\/secure.gravatar.com\/avatar\/dadf60326a592df5043d2ff202644cd5a23923b9700dc19990e301545ea48e66?s=96&d=mm&r=g\",\"contentUrl\":\"https:\/\/secure.gravatar.com\/avatar\/dadf60326a592df5043d2ff202644cd5a23923b9700dc19990e301545ea48e66?s=96&d=mm&r=g\",\"caption\":\"TUD\"}}]}<\/script>\n<!-- \/ Yoast SEO plugin. -->","yoast_head_json":{"title":"Lista \u00f6ver veckovisa marknader - Camping La Colina p\u00e5 Costa Blanca, n\u00e4ra Albir","description":"H\u00e4r har du en lista \u00f6ver de veckovisa gatumarknaderna i regionen La Marina Baja, i provinsen Alicante...","robots":{"index":"index","follow":"follow","max-snippet":"max-snippet:-1","max-image-preview":"max-image-preview:large","max-video-preview":"max-video-preview:-1"},"canonical":"https:\/\/www.campinglacolina.com\/sv\/2024\/09\/24\/lista-over-veckovisa-marknader\/","og_locale":"sv_SE","og_type":"article","og_title":"Lista \u00f6ver veckovisa marknader - Camping La Colina p\u00e5 Costa Blanca, n\u00e4ra Albir","og_description":"H\u00e4r har du en lista \u00f6ver de veckovisa gatumarknaderna i regionen La Marina Baja, i provinsen Alicante...","og_url":"https:\/\/www.campinglacolina.com\/sv\/2024\/09\/24\/lista-over-veckovisa-marknader\/","og_site_name":"Camping La Colina p\u00e5 Costa Blanca, n\u00e4ra Albir","article_published_time":"2024-09-24T13:06:56+00:00","article_modified_time":"2024-11-04T11:57:15+00:00","og_image":[{"width":1024,"height":768,"url":"https:\/\/www.campinglacolina.com\/wp-content\/uploads\/mercadillos-new.jpg","type":"image\/jpeg"}],"twitter_card":"summary_large_image","twitter_misc":{"Skriven av":"TUD","Ber\u00e4knad l\u00e4stid":"1 minut"},"schema":{"@context":"https:\/\/schema.org","@graph":[{"@type":"Article","@id":"https:\/\/www.campinglacolina.com\/sv\/2024\/09\/24\/lista-over-veckovisa-marknader\/#article","isPartOf":{"@id":"https:\/\/www.campinglacolina.com\/sv\/2024\/09\/24\/lista-over-veckovisa-marknader\/"},"author":{"name":"TUD","@id":"https:\/\/www.campinglacolina.com\/sv\/#\/schema\/person\/38d0631c0395a7a9d8b1f6b5bfb04aad"},"headline":"Lista \u00f6ver veckovisa marknader","datePublished":"2024-09-24T13:06:56+00:00","dateModified":"2024-11-04T11:57:15+00:00","mainEntityOfPage":{"@id":"https:\/\/www.campinglacolina.com\/sv\/2024\/09\/24\/lista-over-veckovisa-marknader\/"},"wordCount":281,"publisher":{"@id":"https:\/\/www.campinglacolina.com\/sv\/#organization"},"image":{"@id":"https:\/\/www.campinglacolina.com\/sv\/2024\/09\/24\/lista-over-veckovisa-marknader\/#primaryimage"},"thumbnailUrl":"https:\/\/www.campinglacolina.com\/wp-content\/uploads\/mercadillos-new.jpg","articleSection":["Nyheter","Okategoriserad"],"inLanguage":"sv-SE"},{"@type":"WebPage","@id":"https:\/\/www.campinglacolina.com\/sv\/2024\/09\/24\/lista-over-veckovisa-marknader\/","url":"https:\/\/www.campinglacolina.com\/sv\/2024\/09\/24\/lista-over-veckovisa-marknader\/","name":"Lista \u00f6ver veckovisa marknader - Camping La Colina p\u00e5 Costa Blanca, n\u00e4ra Albir","isPartOf":{"@id":"https:\/\/www.campinglacolina.com\/sv\/#website"},"primaryImageOfPage":{"@id":"https:\/\/www.campinglacolina.com\/sv\/2024\/09\/24\/lista-over-veckovisa-marknader\/#primaryimage"},"image":{"@id":"https:\/\/www.campinglacolina.com\/sv\/2024\/09\/24\/lista-over-veckovisa-marknader\/#primaryimage"},"thumbnailUrl":"https:\/\/www.campinglacolina.com\/wp-content\/uploads\/mercadillos-new.jpg","datePublished":"2024-09-24T13:06:56+00:00","dateModified":"2024-11-04T11:57:15+00:00","description":"H\u00e4r har du en lista \u00f6ver de veckovisa gatumarknaderna i regionen La Marina Baja, i provinsen Alicante...","breadcrumb":{"@id":"https:\/\/www.campinglacolina.com\/sv\/2024\/09\/24\/lista-over-veckovisa-marknader\/#breadcrumb"},"inLanguage":"sv-SE","potentialAction":[{"@type":"ReadAction","target":["https:\/\/www.campinglacolina.com\/sv\/2024\/09\/24\/lista-over-veckovisa-marknader\/"]}]},{"@type":"ImageObject","inLanguage":"sv-SE","@id":"https:\/\/www.campinglacolina.com\/sv\/2024\/09\/24\/lista-over-veckovisa-marknader\/#primaryimage","url":"https:\/\/www.campinglacolina.com\/wp-content\/uploads\/mercadillos-new.jpg","contentUrl":"https:\/\/www.campinglacolina.com\/wp-content\/uploads\/mercadillos-new.jpg","width":1024,"height":768},{"@type":"BreadcrumbList","@id":"https:\/\/www.campinglacolina.com\/sv\/2024\/09\/24\/lista-over-veckovisa-marknader\/#breadcrumb","itemListElement":[{"@type":"ListItem","position":1,"name":"Portada","item":"https:\/\/www.campinglacolina.com\/sv\/"},{"@type":"ListItem","position":2,"name":"Lista \u00f6ver veckovisa marknader"}]},{"@type":"WebSite","@id":"https:\/\/www.campinglacolina.com\/sv\/#website","url":"https:\/\/www.campinglacolina.com\/sv\/","name":"Camping La Colina p\u00e5 Costa Blanca, n\u00e4ra Albir","description":"Camping La Colina, n\u00e4ra stranden i Albir, kombinerar natur och komfort med rymliga campingomr\u00e5den och moderna faciliteter p\u00e5 Costa Blanca.","publisher":{"@id":"https:\/\/www.campinglacolina.com\/sv\/#organization"},"potentialAction":[{"@type":"SearchAction","target":{"@type":"EntryPoint","urlTemplate":"https:\/\/www.campinglacolina.com\/sv\/?s={search_term_string}"},"query-input":{"@type":"PropertyValueSpecification","valueRequired":true,"valueName":"search_term_string"}}],"inLanguage":"sv-SE"},{"@type":"Organization","@id":"https:\/\/www.campinglacolina.com\/sv\/#organization","name":"Camping La Colina p\u00e5 Costa Blanca, n\u00e4ra Albir","url":"https:\/\/www.campinglacolina.com\/sv\/","logo":{"@type":"ImageObject","inLanguage":"sv-SE","@id":"https:\/\/www.campinglacolina.com\/sv\/#\/schema\/logo\/image\/","url":"https:\/\/www.campinglacolina.com\/wp-content\/uploads\/cropped-logo-lacolina.png","contentUrl":"https:\/\/www.campinglacolina.com\/wp-content\/uploads\/cropped-logo-lacolina.png","width":206,"height":62,"caption":"Camping La Colina p\u00e5 Costa Blanca, n\u00e4ra Albir"},"image":{"@id":"https:\/\/www.campinglacolina.com\/sv\/#\/schema\/logo\/image\/"}},{"@type":"Person","@id":"https:\/\/www.campinglacolina.com\/sv\/#\/schema\/person\/38d0631c0395a7a9d8b1f6b5bfb04aad","name":"TUD","image":{"@type":"ImageObject","inLanguage":"sv-SE","@id":"https:\/\/www.campinglacolina.com\/sv\/#\/schema\/person\/image\/","url":"https:\/\/secure.gravatar.com\/avatar\/dadf60326a592df5043d2ff202644cd5a23923b9700dc19990e301545ea48e66?s=96&d=mm&r=g","contentUrl":"https:\/\/secure.gravatar.com\/avatar\/dadf60326a592df5043d2ff202644cd5a23923b9700dc19990e301545ea48e66?s=96&d=mm&r=g","caption":"TUD"}}]}},"_links":{"self":[{"href":"https:\/\/www.campinglacolina.com\/sv\/wp-json\/wp\/v2\/posts\/2320","targetHints":{"allow":["GET"]}}],"collection":[{"href":"https:\/\/www.campinglacolina.com\/sv\/wp-json\/wp\/v2\/posts"}],"about":[{"href":"https:\/\/www.campinglacolina.com\/sv\/wp-json\/wp\/v2\/types\/post"}],"author":[{"embeddable":true,"href":"https:\/\/www.campinglacolina.com\/sv\/wp-json\/wp\/v2\/users\/2"}],"replies":[{"embeddable":true,"href":"https:\/\/www.campinglacolina.com\/sv\/wp-json\/wp\/v2\/comments?post=2320"}],"version-history":[{"count":2,"href":"https:\/\/www.campinglacolina.com\/sv\/wp-json\/wp\/v2\/posts\/2320\/revisions"}],"predecessor-version":[{"id":2560,"href":"https:\/\/www.campinglacolina.com\/sv\/wp-json\/wp\/v2\/posts\/2320\/revisions\/2560"}],"wp:featuredmedia":[{"embeddable":true,"href":"https:\/\/www.campinglacolina.com\/sv\/wp-json\/wp\/v2\/media\/2322"}],"wp:attachment":[{"href":"https:\/\/www.campinglacolina.com\/sv\/wp-json\/wp\/v2\/media?parent=2320"}],"wp:term":[{"taxonomy":"category","embeddable":true,"href":"https:\/\/www.campinglacolina.com\/sv\/wp-json\/wp\/v2\/categories?post=2320"},{"taxonomy":"post_tag","embeddable":true,"href":"https:\/\/www.campinglacolina.com\/sv\/wp-json\/wp\/v2\/tags?post=2320"}],"curies":[{"name":"wp","href":"https:\/\/api.w.org\/{rel}","templated":true}]}}